[{"@context":"https:\/\/schema.org\/","@type":"Article","@id":"https:\/\/www.mevio.cz\/sverte-se-do-nasich-rukou\/#Article","mainEntityOfPage":"https:\/\/www.mevio.cz\/sverte-se-do-nasich-rukou\/","headline":"Sv\u011b\u0159te se do na\u0161ich rukou","name":"Sv\u011b\u0159te se do na\u0161ich rukou","description":"Bez auto\u0161koly Praha bude velmi slo\u017eit\u00e9 z\u00edskat \u0159idi\u010dsk\u00e9 opr\u00e1vn\u011bn\u00ed velmi rychle. Pot\u0159ebujete nejsp\u00ed\u0161 \u0159idi\u010dsk\u00fd pr\u016fkaz k v\u00fdkonu Va\u0161eho nov\u00e9ho povol\u00e1n\u00ed. Nemus\u00edte m\u00edt v\u016fbec \u017e\u00e1dn\u00e9 obavy. Na\u0161i instrukto\u0159i se dokonale p\u0159izp\u016fsob\u00ed Va\u0161im \u010dasov\u00fdm mo\u017enostem. Nemus\u00edte m\u00edt<a class=\"read-more\" href=\"https:\/\/www.mevio.cz\/sverte-se-do-nasich-rukou\/\">Continue reading<\/a>","datePublished":"2025-01-05","dateModified":"2025-01-05","author":{"@type":"Person","@id":"https:\/\/www.mevio.cz\/author\/#Person","name":"","url":"https:\/\/www.mevio.cz\/author\/","identifier":1,"image":{"@type":"ImageObject","@id":"https:\/\/secure.gravatar.com\/avatar\/f7b3e8bb7f7cc0c6ca940e74a10b952be4c7d81de8a980387c865f88889f02e3?s=96&d=mm&r=g","url":"https:\/\/secure.gravatar.com\/avatar\/f7b3e8bb7f7cc0c6ca940e74a10b952be4c7d81de8a980387c865f88889f02e3?s=96&d=mm&r=g","height":96,"width":96}},"publisher":{"@type":"Organization","name":"mevio.cz","logo":{"@type":"ImageObject","@id":"\/logo.png","url":"\/logo.png","width":600,"height":60}},"url":"https:\/\/www.mevio.cz\/sverte-se-do-nasich-rukou\/","wordCount":174,"articleBody":"Bez auto\u0161koly Praha bude velmi slo\u017eit\u00e9 z\u00edskat \u0159idi\u010dsk\u00e9 opr\u00e1vn\u011bn\u00ed velmi rychle. Pot\u0159ebujete nejsp\u00ed\u0161 \u0159idi\u010dsk\u00fd pr\u016fkaz k v\u00fdkonu Va\u0161eho nov\u00e9ho povol\u00e1n\u00ed. Nemus\u00edte m\u00edt v\u016fbec \u017e\u00e1dn\u00e9 obavy. Na\u0161i instrukto\u0159i se dokonale p\u0159izp\u016fsob\u00ed Va\u0161im \u010dasov\u00fdm mo\u017enostem. Nemus\u00edte m\u00edt tedy strach, \u017ee nebudete st\u00edhat Va\u0161e pracovn\u00ed povinnosti. V\u0161e bude prob\u00edhat v pohod\u011b a bez stresu. Sv\u011b\u0159te se profesion\u00e1l\u016fm Bez auto\u0161koly Praha nikdy neza\u017eije ten \u00fa\u017easn\u00fd pocit, kdy se sama vyvezete t\u0159eba do m\u011bsta na n\u011bjak\u00fd n\u00e1kup luxusn\u00edho oble\u010den\u00ed. V\u017edy jste musela do t\u00e9to doby bu\u010f sp\u011bchat na n\u011bjak\u00fd ve\u0159ejn\u00fd dopravn\u00ed prost\u0159edek, nebo jste mo\u017en\u00e1 \u017eadonila u p\u0159\u00edtele nebo n\u011bkter\u00e9ho jin\u00e9ho \u010dlena Va\u0161\u00ed po\u010detn\u00e9 rodiny. Nyn\u00ed ji\u017e nebude nutn\u00e9 takov\u00e9 v\u011bci \u0159e\u0161it. Samostatnost je \u00fa\u017easn\u00e1 v\u011bc. Nebudete ji\u017e na nikom z\u00e1visl\u00e1.                                                                                                                                                                                                                                                                                                                                                                                        3.3\/5 - (3 votes)        "},{"@context":"https:\/\/schema.org\/","@type":"BreadcrumbList","itemListElement":[{"@type":"ListItem","position":1,"name":"Sv\u011b\u0159te se do na\u0161ich rukou","item":"https:\/\/www.mevio.cz\/sverte-se-do-nasich-rukou\/#breadcrumbitem"}]}]