[{"@context":"https:\/\/schema.org\/","@type":"Article","@id":"https:\/\/www.mevio.cz\/plechova-satni-skrin\/#Article","mainEntityOfPage":"https:\/\/www.mevio.cz\/plechova-satni-skrin\/","headline":"Plechov\u00e1 \u0161atn\u00ed sk\u0159\u00ed\u0148","name":"Plechov\u00e1 \u0161atn\u00ed sk\u0159\u00ed\u0148","description":"V gar\u00e1\u017ei m\u00e1te ud\u011blanou malou d\u00edlnu, ale nem\u00e1te kam ukl\u00e1dat n\u00e1\u0159ad\u00ed a pracovn\u00ed oble\u010den\u00ed. Tak\u00e9 by se n\u011bco hodilo na ulo\u017een\u00ed p\u0159\u00edslu\u0161enstv\u00ed k Va\u0161emu vozu, \u017ee? Vyzkou\u0161ejte perfektn\u00ed prostorn\u00fd n\u00e1bytek plechov\u00e1 \u0161atn\u00ed sk\u0159\u00ed\u0148! Budete maxim\u00e1ln\u011b<a class=\"read-more\" href=\"https:\/\/www.mevio.cz\/plechova-satni-skrin\/\">Continue reading<\/a>","datePublished":"2025-02-23","dateModified":"2025-02-23","author":{"@type":"Person","@id":"https:\/\/www.mevio.cz\/author\/#Person","name":"","url":"https:\/\/www.mevio.cz\/author\/","identifier":1,"image":{"@type":"ImageObject","@id":"https:\/\/secure.gravatar.com\/avatar\/f7b3e8bb7f7cc0c6ca940e74a10b952be4c7d81de8a980387c865f88889f02e3?s=96&d=mm&r=g","url":"https:\/\/secure.gravatar.com\/avatar\/f7b3e8bb7f7cc0c6ca940e74a10b952be4c7d81de8a980387c865f88889f02e3?s=96&d=mm&r=g","height":96,"width":96}},"publisher":{"@type":"Organization","name":"mevio.cz","logo":{"@type":"ImageObject","@id":"\/logo.png","url":"\/logo.png","width":600,"height":60}},"url":"https:\/\/www.mevio.cz\/plechova-satni-skrin\/","wordCount":169,"articleBody":"V gar\u00e1\u017ei m\u00e1te ud\u011blanou malou d\u00edlnu, ale nem\u00e1te kam ukl\u00e1dat n\u00e1\u0159ad\u00ed a pracovn\u00ed oble\u010den\u00ed. Tak\u00e9 by se n\u011bco hodilo na ulo\u017een\u00ed p\u0159\u00edslu\u0161enstv\u00ed k Va\u0161emu vozu, \u017ee? Vyzkou\u0161ejte perfektn\u00ed prostorn\u00fd n\u00e1bytek plechov\u00e1 \u0161atn\u00ed sk\u0159\u00ed\u0148!Budete maxim\u00e1ln\u011b spokojeni s komfortem prostoru, kter\u00fd si nyn\u00ed ve sv\u00e9 gar\u00e1\u017eov\u00e9 d\u00edlni\u010dce budete dennodenn\u011b vychutn\u00e1vat. Rozhodujte se spr\u00e1vn\u011b a p\u0159edev\u0161\u00edm podle sv\u00fdch n\u00e1rok\u016f na rozm\u011bry a bytelnost materi\u00e1lu. Je tu plechov\u00e1 \u0161atn\u00ed sk\u0159\u00ed\u0148, kter\u00e1 V\u00e1s nezklame.Plechov\u00fd n\u00e1bytekMo\u017en\u00e1 V\u00e1s to d\u0159\u00edve ani nenapadlo, ale mo\u017enost plechov\u00e9ho n\u00e1bytku m\u016f\u017ee b\u00fdt pro Va\u0161i gar\u00e1\u017e \u010di d\u00edlnu vhodn\u00fdm \u0159e\u0161en\u00edm. N\u011bjak p\u0159eci pracovn\u00ed od\u011bvy d\u00e1vat mus\u00edte a do klasick\u00e9 \u0161atn\u00ed sk\u0159\u00edn\u011b mezi ostatn\u00ed oble\u010den\u00ed to p\u016fjde jen st\u011b\u017e\u00ed. Ur\u010dit\u011b budete spokojeni s plechov\u00e1 \u0161atn\u00ed sk\u0159\u00ed\u0148.                                                                                                                                                                                                                                                                                                                                                                                        1.5\/5 - (2 votes)        "},{"@context":"https:\/\/schema.org\/","@type":"BreadcrumbList","itemListElement":[{"@type":"ListItem","position":1,"name":"Plechov\u00e1 \u0161atn\u00ed sk\u0159\u00ed\u0148","item":"https:\/\/www.mevio.cz\/plechova-satni-skrin\/#breadcrumbitem"}]}]