[{"@context":"https:\/\/schema.org\/","@type":"Blog","@id":"https:\/\/www.mevio.cz#Blog","headline":"Mevio","description":"\nPro\u010d byste si m\u011bli vybrat ze v\u0161ech web\u016f, co jich jenom na internetu je, pr\u00e1v\u011b ten n\u00e1\u0161? Odpov\u011b\u010f je jasn\u00e1. Prohl\u00e9dn\u011bte si ho a pochop\u00edte to sami.","url":"https:\/\/www.mevio.cz","hasPart":[{"@type":"Article","@id":"https:\/\/www.mevio.cz\/penize-a-zivot\/","headline":"Pen\u00edze a \u017eivot","url":"https:\/\/www.mevio.cz\/penize-a-zivot\/","datePublished":"2025-06-16","dateModified":"2025-06-16","mainEntityOfPage":"https:\/\/www.mevio.cz\/penize-a-zivot\/","author":{"@type":"Person","@id":"https:\/\/www.mevio.cz\/author\/#Person","name":"","url":"https:\/\/www.mevio.cz\/author\/","identifier":1,"image":{"@type":"ImageObject","@id":"https:\/\/secure.gravatar.com\/avatar\/f7b3e8bb7f7cc0c6ca940e74a10b952be4c7d81de8a980387c865f88889f02e3?s=96&d=mm&r=g","url":"https:\/\/secure.gravatar.com\/avatar\/f7b3e8bb7f7cc0c6ca940e74a10b952be4c7d81de8a980387c865f88889f02e3?s=96&d=mm&r=g","height":96,"width":96}},"publisher":{"@type":"Organization","name":"mevio.cz","logo":{"@type":"ImageObject","@id":"\/logo.png","url":"\/logo.png","width":600,"height":60}},"image":{"@type":"ImageObject","@id":"https:\/\/www.mevio.cz\/wp-content\/uploads\/money-1459232_640.jpg","url":"https:\/\/www.mevio.cz\/wp-content\/uploads\/money-1459232_640.jpg","height":0,"width":0},"wordCount":575,"keywords":null},{"@type":"Article","@id":"https:\/\/www.mevio.cz\/zveme-vas-na-dovolenou-do-jiznich-cech\/","headline":"Zveme v\u00e1s na dovolenou do Ji\u017en\u00edch \u010cech","url":"https:\/\/www.mevio.cz\/zveme-vas-na-dovolenou-do-jiznich-cech\/","datePublished":"2025-06-03","dateModified":"2025-06-03","mainEntityOfPage":"https:\/\/www.mevio.cz\/zveme-vas-na-dovolenou-do-jiznich-cech\/","author":{"@type":"Person","@id":"https:\/\/www.mevio.cz\/author\/#Person","name":"","url":"https:\/\/www.mevio.cz\/author\/","identifier":1,"image":{"@type":"ImageObject","@id":"https:\/\/secure.gravatar.com\/avatar\/f7b3e8bb7f7cc0c6ca940e74a10b952be4c7d81de8a980387c865f88889f02e3?s=96&d=mm&r=g","url":"https:\/\/secure.gravatar.com\/avatar\/f7b3e8bb7f7cc0c6ca940e74a10b952be4c7d81de8a980387c865f88889f02e3?s=96&d=mm&r=g","height":96,"width":96}},"publisher":{"@type":"Organization","name":"mevio.cz","logo":{"@type":"ImageObject","@id":"\/logo.png","url":"\/logo.png","width":600,"height":60}},"image":{"@type":"ImageObject","@id":"https:\/\/www.mevio.cz\/wp-content\/uploads\/czech-4489869_640_10_10_2.jpg","url":"https:\/\/www.mevio.cz\/wp-content\/uploads\/czech-4489869_640_10_10_2.jpg","height":0,"width":0},"wordCount":628,"keywords":null},{"@type":"Article","@id":"https:\/\/www.mevio.cz\/u-nas-si-muzete-vybrat-take-stresni-okna-s-plastovymi-ramy\/","headline":"U n\u00e1s si m\u016f\u017eete vybrat tak\u00e9 st\u0159e\u0161n\u00ed okna s\u00a0plastov\u00fdmi r\u00e1my","url":"https:\/\/www.mevio.cz\/u-nas-si-muzete-vybrat-take-stresni-okna-s-plastovymi-ramy\/","datePublished":"2025-04-23","dateModified":"2025-04-23","mainEntityOfPage":"https:\/\/www.mevio.cz\/u-nas-si-muzete-vybrat-take-stresni-okna-s-plastovymi-ramy\/","author":{"@type":"Person","@id":"https:\/\/www.mevio.cz\/author\/#Person","name":"","url":"https:\/\/www.mevio.cz\/author\/","identifier":1,"image":{"@type":"ImageObject","@id":"https:\/\/secure.gravatar.com\/avatar\/f7b3e8bb7f7cc0c6ca940e74a10b952be4c7d81de8a980387c865f88889f02e3?s=96&d=mm&r=g","url":"https:\/\/secure.gravatar.com\/avatar\/f7b3e8bb7f7cc0c6ca940e74a10b952be4c7d81de8a980387c865f88889f02e3?s=96&d=mm&r=g","height":96,"width":96}},"publisher":{"@type":"Organization","name":"mevio.cz","logo":{"@type":"ImageObject","@id":"\/logo.png","url":"\/logo.png","width":600,"height":60}},"image":null,"wordCount":255,"keywords":null},{"@type":"Article","@id":"https:\/\/www.mevio.cz\/prvotridni-kvalita\/","headline":"Prvot\u0159\u00eddn\u00ed kvalita","url":"https:\/\/www.mevio.cz\/prvotridni-kvalita\/","datePublished":"2025-04-15","dateModified":"2025-04-15","mainEntityOfPage":"https:\/\/www.mevio.cz\/prvotridni-kvalita\/","author":{"@type":"Person","@id":"https:\/\/www.mevio.cz\/author\/#Person","name":"","url":"https:\/\/www.mevio.cz\/author\/","identifier":1,"image":{"@type":"ImageObject","@id":"https:\/\/secure.gravatar.com\/avatar\/f7b3e8bb7f7cc0c6ca940e74a10b952be4c7d81de8a980387c865f88889f02e3?s=96&d=mm&r=g","url":"https:\/\/secure.gravatar.com\/avatar\/f7b3e8bb7f7cc0c6ca940e74a10b952be4c7d81de8a980387c865f88889f02e3?s=96&d=mm&r=g","height":96,"width":96}},"publisher":{"@type":"Organization","name":"mevio.cz","logo":{"@type":"ImageObject","@id":"\/logo.png","url":"\/logo.png","width":600,"height":60}},"image":null,"wordCount":220,"keywords":null},{"@type":"Article","@id":"https:\/\/www.mevio.cz\/vymahani-pohledavek\/","headline":"Vym\u00e1h\u00e1n\u00ed pohled\u00e1vek","url":"https:\/\/www.mevio.cz\/vymahani-pohledavek\/","datePublished":"2025-04-11","dateModified":"2025-04-11","mainEntityOfPage":"https:\/\/www.mevio.cz\/vymahani-pohledavek\/","author":{"@type":"Person","@id":"https:\/\/www.mevio.cz\/author\/#Person","name":"","url":"https:\/\/www.mevio.cz\/author\/","identifier":1,"image":{"@type":"ImageObject","@id":"https:\/\/secure.gravatar.com\/avatar\/f7b3e8bb7f7cc0c6ca940e74a10b952be4c7d81de8a980387c865f88889f02e3?s=96&d=mm&r=g","url":"https:\/\/secure.gravatar.com\/avatar\/f7b3e8bb7f7cc0c6ca940e74a10b952be4c7d81de8a980387c865f88889f02e3?s=96&d=mm&r=g","height":96,"width":96}},"publisher":{"@type":"Organization","name":"mevio.cz","logo":{"@type":"ImageObject","@id":"\/logo.png","url":"\/logo.png","width":600,"height":60}},"image":null,"wordCount":251,"keywords":null},{"@type":"Article","@id":"https:\/\/www.mevio.cz\/bolesti-zad-uz-budou-minulosti\/","headline":"Bolesti zad u\u017e budou minulost\u00ed","url":"https:\/\/www.mevio.cz\/bolesti-zad-uz-budou-minulosti\/","datePublished":"2025-04-02","dateModified":"2025-04-02","mainEntityOfPage":"https:\/\/www.mevio.cz\/bolesti-zad-uz-budou-minulosti\/","author":{"@type":"Person","@id":"https:\/\/www.mevio.cz\/author\/#Person","name":"","url":"https:\/\/www.mevio.cz\/author\/","identifier":1,"image":{"@type":"ImageObject","@id":"https:\/\/secure.gravatar.com\/avatar\/f7b3e8bb7f7cc0c6ca940e74a10b952be4c7d81de8a980387c865f88889f02e3?s=96&d=mm&r=g","url":"https:\/\/secure.gravatar.com\/avatar\/f7b3e8bb7f7cc0c6ca940e74a10b952be4c7d81de8a980387c865f88889f02e3?s=96&d=mm&r=g","height":96,"width":96}},"publisher":{"@type":"Organization","name":"mevio.cz","logo":{"@type":"ImageObject","@id":"\/logo.png","url":"\/logo.png","width":600,"height":60}},"image":{"@type":"ImageObject","@id":"https:\/\/www.mevio.cz\/wp-content\/uploads\/back-5163495_640_1.jpg","url":"https:\/\/www.mevio.cz\/wp-content\/uploads\/back-5163495_640_1.jpg","height":0,"width":0},"wordCount":573,"keywords":null},{"@type":"Article","@id":"https:\/\/www.mevio.cz\/ucelne-oziveni-bytu\/","headline":"\u00da\u010deln\u00e9 o\u017eiven\u00ed bytu","url":"https:\/\/www.mevio.cz\/ucelne-oziveni-bytu\/","datePublished":"2025-03-31","dateModified":"2025-03-31","mainEntityOfPage":"https:\/\/www.mevio.cz\/ucelne-oziveni-bytu\/","author":{"@type":"Person","@id":"https:\/\/www.mevio.cz\/author\/#Person","name":"","url":"https:\/\/www.mevio.cz\/author\/","identifier":1,"image":{"@type":"ImageObject","@id":"https:\/\/secure.gravatar.com\/avatar\/f7b3e8bb7f7cc0c6ca940e74a10b952be4c7d81de8a980387c865f88889f02e3?s=96&d=mm&r=g","url":"https:\/\/secure.gravatar.com\/avatar\/f7b3e8bb7f7cc0c6ca940e74a10b952be4c7d81de8a980387c865f88889f02e3?s=96&d=mm&r=g","height":96,"width":96}},"publisher":{"@type":"Organization","name":"mevio.cz","logo":{"@type":"ImageObject","@id":"\/logo.png","url":"\/logo.png","width":600,"height":60}},"image":null,"wordCount":223,"keywords":null},{"@type":"Article","@id":"https:\/\/www.mevio.cz\/nekdy-to-bez-pujcky-nejde\/","headline":"N\u011bkdy to bez p\u016fj\u010dky nejde","url":"https:\/\/www.mevio.cz\/nekdy-to-bez-pujcky-nejde\/","datePublished":"2025-03-29","dateModified":"2025-03-29","mainEntityOfPage":"https:\/\/www.mevio.cz\/nekdy-to-bez-pujcky-nejde\/","author":{"@type":"Person","@id":"https:\/\/www.mevio.cz\/author\/#Person","name":"","url":"https:\/\/www.mevio.cz\/author\/","identifier":1,"image":{"@type":"ImageObject","@id":"https:\/\/secure.gravatar.com\/avatar\/f7b3e8bb7f7cc0c6ca940e74a10b952be4c7d81de8a980387c865f88889f02e3?s=96&d=mm&r=g","url":"https:\/\/secure.gravatar.com\/avatar\/f7b3e8bb7f7cc0c6ca940e74a10b952be4c7d81de8a980387c865f88889f02e3?s=96&d=mm&r=g","height":96,"width":96}},"publisher":{"@type":"Organization","name":"mevio.cz","logo":{"@type":"ImageObject","@id":"\/logo.png","url":"\/logo.png","width":600,"height":60}},"image":{"@type":"ImageObject","@id":"https:\/\/www.mevio.cz\/wp-content\/uploads\/ppppppppppppppppppppppppppppppppppppppppppppppppppppppppppppppp_5.jpg","url":"https:\/\/www.mevio.cz\/wp-content\/uploads\/ppppppppppppppppppppppppppppppppppppppppppppppppppppppppppppppp_5.jpg","height":0,"width":0},"wordCount":615,"keywords":null},{"@type":"Article","@id":"https:\/\/www.mevio.cz\/prostor-elegance-a-styl-pro-vas-obyvaci-pokoj\/","headline":"Prostor, elegance a styl pro v\u00e1\u0161 ob\u00fdvac\u00ed pokoj","url":"https:\/\/www.mevio.cz\/prostor-elegance-a-styl-pro-vas-obyvaci-pokoj\/","datePublished":"2025-03-24","dateModified":"2025-03-24","mainEntityOfPage":"https:\/\/www.mevio.cz\/prostor-elegance-a-styl-pro-vas-obyvaci-pokoj\/","author":{"@type":"Person","@id":"https:\/\/www.mevio.cz\/author\/#Person","name":"","url":"https:\/\/www.mevio.cz\/author\/","identifier":1,"image":{"@type":"ImageObject","@id":"https:\/\/secure.gravatar.com\/avatar\/f7b3e8bb7f7cc0c6ca940e74a10b952be4c7d81de8a980387c865f88889f02e3?s=96&d=mm&r=g","url":"https:\/\/secure.gravatar.com\/avatar\/f7b3e8bb7f7cc0c6ca940e74a10b952be4c7d81de8a980387c865f88889f02e3?s=96&d=mm&r=g","height":96,"width":96}},"publisher":{"@type":"Organization","name":"mevio.cz","logo":{"@type":"ImageObject","@id":"\/logo.png","url":"\/logo.png","width":600,"height":60}},"image":null,"wordCount":230,"keywords":null},{"@type":"Article","@id":"https:\/\/www.mevio.cz\/neodolatelna-nabidka-za-super-cenu\/","headline":"Neodolateln\u00e1 nab\u00eddka za super cenu","url":"https:\/\/www.mevio.cz\/neodolatelna-nabidka-za-super-cenu\/","datePublished":"2025-03-17","dateModified":"2025-03-17","mainEntityOfPage":"https:\/\/www.mevio.cz\/neodolatelna-nabidka-za-super-cenu\/","author":{"@type":"Person","@id":"https:\/\/www.mevio.cz\/author\/#Person","name":"","url":"https:\/\/www.mevio.cz\/author\/","identifier":1,"image":{"@type":"ImageObject","@id":"https:\/\/secure.gravatar.com\/avatar\/f7b3e8bb7f7cc0c6ca940e74a10b952be4c7d81de8a980387c865f88889f02e3?s=96&d=mm&r=g","url":"https:\/\/secure.gravatar.com\/avatar\/f7b3e8bb7f7cc0c6ca940e74a10b952be4c7d81de8a980387c865f88889f02e3?s=96&d=mm&r=g","height":96,"width":96}},"publisher":{"@type":"Organization","name":"mevio.cz","logo":{"@type":"ImageObject","@id":"\/logo.png","url":"\/logo.png","width":600,"height":60}},"image":null,"wordCount":207,"keywords":null}]},{"@context":"https:\/\/schema.org","@type":"WebSite","@id":"https:\/\/www.mevio.cz\/#website","name":"Mevio","url":"https:\/\/www.mevio.cz","potentialAction":{"@type":"SearchAction","target":"https:\/\/www.mevio.cz\/?s={search_term_string}","query-input":"required name=search_term_string"}}]