[{"@context":"https:\/\/schema.org\/","@type":"Article","@id":"https:\/\/www.mevio.cz\/nejvetsi-problemy-pri-stehovani-v-praze\/#Article","mainEntityOfPage":"https:\/\/www.mevio.cz\/nejvetsi-problemy-pri-stehovani-v-praze\/","headline":"Nejv\u011bt\u0161\u00ed probl\u00e9my p\u0159i st\u011bhov\u00e1n\u00ed v Praze","name":"Nejv\u011bt\u0161\u00ed probl\u00e9my p\u0159i st\u011bhov\u00e1n\u00ed v Praze","description":"Parkovac\u00ed z\u00f3ny a p\u0159\u00edjezd vozidla \u2013 pot\u0159ebuje-li st\u011bhovac\u00ed firma nasadit tu nejt\u011b\u017e\u0161\u00ed techniku, m\u016f\u017ee v n\u011bkter\u00fdch m\u00edstech, jako jsou jednosm\u011brn\u00e9 ulice, \u00fazk\u00e9 prostory a cesty, n\u00e1dvo\u0159\u00ed a dvory nebo prudk\u00e1 stoup\u00e1n\u00ed m\u00edt zna\u010dn\u00e9 probl\u00e9my s<a class=\"read-more\" href=\"https:\/\/www.mevio.cz\/nejvetsi-problemy-pri-stehovani-v-praze\/\">Continue reading<\/a>","datePublished":"2021-10-30","dateModified":"2023-05-16","author":{"@type":"Person","@id":"https:\/\/www.mevio.cz\/author\/#Person","name":"","url":"https:\/\/www.mevio.cz\/author\/","identifier":1,"image":{"@type":"ImageObject","@id":"https:\/\/secure.gravatar.com\/avatar\/f7b3e8bb7f7cc0c6ca940e74a10b952be4c7d81de8a980387c865f88889f02e3?s=96&d=mm&r=g","url":"https:\/\/secure.gravatar.com\/avatar\/f7b3e8bb7f7cc0c6ca940e74a10b952be4c7d81de8a980387c865f88889f02e3?s=96&d=mm&r=g","height":96,"width":96}},"publisher":{"@type":"Organization","name":"mevio.cz","logo":{"@type":"ImageObject","@id":"\/logo.png","url":"\/logo.png","width":600,"height":60}},"image":{"@type":"ImageObject","@id":"https:\/\/www.mevio.cz\/wp-content\/uploads\/cardboard-box-g77c5ded52_640.png","url":"https:\/\/www.mevio.cz\/wp-content\/uploads\/cardboard-box-g77c5ded52_640.png","height":0,"width":0},"url":"https:\/\/www.mevio.cz\/nejvetsi-problemy-pri-stehovani-v-praze\/","about":["Byznys"],"wordCount":396,"articleBody":"   Parkovac\u00ed z\u00f3ny a p\u0159\u00edjezd vozidla \u2013 pot\u0159ebuje-li st\u011bhovac\u00ed firma nasadit tu nejt\u011b\u017e\u0161\u00ed techniku, m\u016f\u017ee v n\u011bkter\u00fdch m\u00edstech, jako jsou jednosm\u011brn\u00e9 ulice, \u00fazk\u00e9 prostory a cesty, n\u00e1dvo\u0159\u00ed a dvory nebo prudk\u00e1 stoup\u00e1n\u00ed m\u00edt zna\u010dn\u00e9 probl\u00e9my s p\u0159\u00edjezdem i odstaven\u00edm vozidla. Nar\u00e1\u017e\u00edme tu rovn\u011b\u017e na parkovac\u00ed povolen\u00ed, pro kter\u00e1 je nutn\u00e9 oslovit m\u011bstsk\u00fd odbor dopravy p\u0159\u00edslu\u0161n\u00e9 m\u011bstsk\u00e9 \u010d\u00e1sti. A zde m\u016f\u017ee vyvstat probl\u00e9m zejm\u00e9na \u010dasov\u00fd, kdy je dle regul\u00ed z\u00e1kona \u017e\u00e1dost vy\u0159izov\u00e1na i t\u0159icet kalend\u00e1\u0159n\u00edch dn\u016f. P\u0159ipravte se tak\u00e9 na p\u0159\u00edslu\u0161n\u00fd poplatek.Bytov\u00e9 domy \u2013 st\u011bhuje-li se rodinn\u00fd d\u016fm se zahradou, b\u00fdv\u00e1 to obvykle snaz\u0161\u00ed, nebo\u0165 v mnoha p\u0159\u00edpadech mohou lid\u00e9 sv\u00e9 v\u011bci p\u0159ed zabalen\u00edm \u010di po zabalen\u00ed do krabic odn\u00e9st do p\u0159\u00edzem\u00ed, stejn\u011b tak i rozebran\u00fd n\u00e1bytek a dal\u0161\u00ed leh\u010d\u00ed p\u0159edm\u011bty. To cel\u00fd proces v\u00fdrazn\u011b urychl\u00ed a nekomplikuje jej t\u00edm, \u017ee se mus\u00ed v\u0161e p\u0159en\u00e1\u0161et po schodech z vy\u0161\u0161\u00edch pater. St\u011bhov\u00e1n\u00ed nap\u0159. bytu v panel\u00e1ku se m\u016f\u017ee komplikovat poruchou v\u00fdtahu anebo t\u00edm, \u017ee se n\u011bkter\u00e9 p\u0159edm\u011bty do v\u00fdtahu nevejdou a mus\u00ed se nosit po schodi\u0161ti. Jeden\u00e1ct\u00e9 patro bez v\u00fdtahu jednak velmi vysiluje ka\u017ed\u00e9ho st\u011bhov\u00e1ka a z\u00e1rove\u0148 nesm\u00edrn\u011b zdr\u017euje a prodlu\u017euje cel\u00fd proces.Automobilov\u00fd provoz \u2013 provoz v Praze je dnes mnohem vy\u0161\u0161\u00ed ve srovn\u00e1n\u00ed s dobou p\u0159ed dvaceti, t\u0159iceti lety a chcete-li se vyhnout chaosu a nep\u0159\u00edjemnostem s t\u00edm spojen\u00fdm, napl\u00e1nujte rad\u011bji st\u011bhov\u00e1n\u00ed v Praze 13 na vhodn\u011bj\u0161\u00ed \u010dasov\u00e9 obdob\u00ed, tedy nap\u0159\u00edklad na pozdn\u00ed ve\u010dern\u00ed \u010di no\u010dn\u00ed hodiny, brzk\u00e9 rann\u00ed hodiny anebo na sobotu dopoledne.Pov\u011btrnostn\u00ed vlivy \u2013 n\u011bkdy si nem\u016f\u017eete vyb\u00edrat datum, ale pokud ano, a to v\u010detn\u011b ro\u010dn\u00edho obdob\u00ed, volte rad\u011bji jaro nebo podzim, kdy je prakticky vylou\u010deno, \u017ee v\u00e1s zrovna zastihnou tropick\u00e1 vedra nebo naopak krut\u00e9 mrazy. Po\u010d\u00edtejte v\u0161ak rad\u011bji s de\u0161tiv\u00fdm po\u010das\u00edm a tomu tak\u00e9 p\u0159izp\u016fsobujte d\u016fkladnost balen\u00ed v\u0161ech va\u0161ich v\u011bc\u00ed v\u010detn\u011b rozebran\u00e9ho n\u00e1bytku.                                                                                                                                                                                                                                                                                                                                                                                           4.2\/5 - (5 votes)        "},{"@context":"https:\/\/schema.org\/","@type":"BreadcrumbList","itemListElement":[{"@type":"ListItem","position":1,"name":"Nejv\u011bt\u0161\u00ed probl\u00e9my p\u0159i st\u011bhov\u00e1n\u00ed v Praze","item":"https:\/\/www.mevio.cz\/nejvetsi-problemy-pri-stehovani-v-praze\/#breadcrumbitem"}]}]