[{"@context":"https:\/\/schema.org\/","@type":"Article","@id":"https:\/\/www.mevio.cz\/muze-se-po-operaci-kojit\/#Article","mainEntityOfPage":"https:\/\/www.mevio.cz\/muze-se-po-operaci-kojit\/","headline":"M\u016f\u017ee se po operaci kojit?","name":"M\u016f\u017ee se po operaci kojit?","description":"Narozen\u00ed d\u00edt\u011bte je ud\u00e1lost\u00ed, na kterou se nezapom\u00edn\u00e1. Okam\u017eik, kdy m\u00e1ma uvid\u00ed poprv\u00e9 sv\u00e9 miminko, je nepopsateln\u00fd. N\u011bkdy se ale vyskytne n\u011bjak\u00e1 komplikace a nen\u00ed mo\u017en\u00e9, aby \u017eena porodila norm\u00e1ln\u00ed cestou. Je pot\u0159eba p\u0159istoupit k<a class=\"read-more\" href=\"https:\/\/www.mevio.cz\/muze-se-po-operaci-kojit\/\">Continue reading<\/a>","datePublished":"2023-05-16","dateModified":"2023-05-16","author":{"@type":"Person","@id":"https:\/\/www.mevio.cz\/author\/#Person","name":"","url":"https:\/\/www.mevio.cz\/author\/","identifier":1,"image":{"@type":"ImageObject","@id":"https:\/\/secure.gravatar.com\/avatar\/f7b3e8bb7f7cc0c6ca940e74a10b952be4c7d81de8a980387c865f88889f02e3?s=96&d=mm&r=g","url":"https:\/\/secure.gravatar.com\/avatar\/f7b3e8bb7f7cc0c6ca940e74a10b952be4c7d81de8a980387c865f88889f02e3?s=96&d=mm&r=g","height":96,"width":96}},"publisher":{"@type":"Organization","name":"mevio.cz","logo":{"@type":"ImageObject","@id":"\/logo.png","url":"\/logo.png","width":600,"height":60}},"image":{"@type":"ImageObject","@id":"https:\/\/www.mevio.cz\/wp-content\/uploads\/img_a288390_w2215_t1498751572.png","url":"https:\/\/www.mevio.cz\/wp-content\/uploads\/img_a288390_w2215_t1498751572.png","height":0,"width":0},"url":"https:\/\/www.mevio.cz\/muze-se-po-operaci-kojit\/","wordCount":408,"articleBody":"Narozen\u00ed d\u00edt\u011bte je ud\u00e1lost\u00ed, na kterou se nezapom\u00edn\u00e1. Okam\u017eik, kdy m\u00e1ma uvid\u00ed poprv\u00e9 sv\u00e9 miminko, je nepopsateln\u00fd. N\u011bkdy se ale vyskytne n\u011bjak\u00e1 komplikace a nen\u00ed mo\u017en\u00e9, aby \u017eena porodila norm\u00e1ln\u00ed cestou. Je pot\u0159eba p\u0159istoupit k takzvan\u00e9mu c\u00edsa\u0159sk\u00e9mu \u0159ezu. A tak, jako u v\u0161ech lidsk\u00fdch z\u00e1le\u017eitost\u00ed, tak se i u t\u00e9to vyskytuje \u0159ada m\u00fdt\u016f a nepravd. Jednou z nich je nemo\u017enost kojen\u00ed po tomto z\u00e1kroku.&#8211;\u00a0\u00a0\u00a0\u00a0\u00a0\u00a0\u00a0\u00a0 N\u011bkter\u00e9 hlasy (p\u0159edev\u0161\u00edm ty star\u0161\u00ed) tvrd\u00ed, \u017ee pokud porod neprob\u011bhl p\u0159irozen\u011b, ml\u00e9ko se prost\u011b nedostav\u00ed.&#8211;\u00a0\u00a0\u00a0\u00a0\u00a0\u00a0\u00a0\u00a0 Jin\u00e9 hlasy (ty mlad\u0161\u00ed) u\u017e o trochu logi\u010dt\u011bji kojen\u00ed v za\u010d\u00e1tku nedoporu\u010duj\u00ed, proto\u017ee jsou v t\u011ble matky l\u00e9ky, kter\u00e9 j\u00ed byly p\u0159ed a v pr\u016fb\u011bhu porodu pod\u00e1v\u00e1ny.L\u00e9ka\u0159i i porodn\u00ed asistentky ob\u011b tvrzen\u00ed naprosto vyvracej\u00ed. To prvn\u00ed je nesmysln\u00e9 u\u017e na prvn\u00ed pohled, a to druh\u00e9 tak\u00e9 nen\u00ed pravdiv\u00e9. I p\u0159esto, \u017ee \u017eena dost\u00e1vala l\u00e9ky proti bolesti, nem\u016f\u017ee se miminku nic st\u00e1t. Na sam\u00e9m za\u010d\u00e1tku vypije tak m\u00e1lo ml\u00e9ka, \u017ee by se to ve\u0161lo na \u010dajovou l\u017ei\u010dku. Promile obsa\u017een\u00fdch l\u00e9k\u016f je tedy miziv\u00e9. Novorozen\u011bti by se naopak nepod\u00e1n\u00edm prvn\u00ed d\u00e1vky ubl\u00ed\u017eilo, proto\u017ee pr\u00e1v\u011b mlezivo mu dod\u00e1 v\u0161e pot\u0159ebn\u00e9 pro jeho dal\u0161\u00ed v\u00fdvoj.\tNezapomenuteln\u00e9 okam\u017eikyZapo\u010d\u00edt s kojen\u00edm hned od sam\u00e9ho po\u010d\u00e1tku pom\u00e1h\u00e1 i samotn\u00e9 rodi\u010dce. A\u0165 u\u017e jej\u00ed miminko p\u0159i\u0161lo na sv\u011bt jakkoliv, kojen\u00ed j\u00ed pom\u016f\u017ee ke spr\u00e1vn\u00e9mu zavinut\u00ed d\u011blohy. Krom\u011b t\u011bchto fyzick\u00fdch proces\u016f, je kojen\u00ed prosp\u011b\u0161n\u00e9 ob\u011bma stran\u00e1m i psychicky. Jist\u011b se mnou budou v\u0161echny \u017eeny, kter\u00e9 to pro\u017eily, souhlasit.o\u00a0\u00a0 Nen\u00ed nic kr\u00e1sn\u011bj\u0161\u00edho, ne\u017eli absolutn\u00ed bl\u00edzkost a odevzdanost toho mal\u00e9ho uzl\u00ed\u010dku, kter\u00fd je na n\u00e1s naprosto z\u00e1visl\u00fdm.A kolikr\u00e1t d\u00e1vat d\u00edt\u011bti p\u00edt?U\u017e d\u00e1vno tady neplat\u00ed \u017e\u00e1dn\u00e9 tabulky, kter\u00e9 kojen\u00ed v\u00a0mezi\u010dase zakazovaly, a naopak t\u00edm p\u0159ikazovaly, aby se d\u00edt\u011b nech\u00e1valo k\u0159i\u010det hlady. Je to prost\u00e9 \u2013 kdykoliv si \u0159ekne. Jde p\u0159eci o jeho spokojenost a t\u00edm i spokojenost cel\u00e9 rodiny.\u00a0                                                                                                                                                                                                                                                                                                                                                                                        3.9\/5 - (17 votes)        "},{"@context":"https:\/\/schema.org\/","@type":"BreadcrumbList","itemListElement":[{"@type":"ListItem","position":1,"name":"M\u016f\u017ee se po operaci kojit?","item":"https:\/\/www.mevio.cz\/muze-se-po-operaci-kojit\/#breadcrumbitem"}]}]