[{"@context":"https:\/\/schema.org\/","@type":"Article","@id":"https:\/\/www.mevio.cz\/mobil-se-taky-cisti\/#Article","mainEntityOfPage":"https:\/\/www.mevio.cz\/mobil-se-taky-cisti\/","headline":"Mobil se taky \u010dist\u00ed","name":"Mobil se taky \u010dist\u00ed","description":"Mysl\u00edm si, \u017ee kdy\u017e se \u010dlov\u011bk star\u00e1 po\u0159\u00e1dn\u011b o sv\u016fj mobiln\u00ed telefon, tak se nemus\u00ed b\u00e1t, \u017ee by se mu mobiln\u00ed telefon n\u011bjak rozbil. Proto\u017ee zn\u00e1m n\u011bkolik p\u0159\u00edpadu, kdy se \u010dlov\u011bk o sv\u016fj mobiln\u00ed telefon<a class=\"read-more\" href=\"https:\/\/www.mevio.cz\/mobil-se-taky-cisti\/\">Continue reading<\/a>","datePublished":"2022-07-07","dateModified":"2023-05-16","author":{"@type":"Person","@id":"https:\/\/www.mevio.cz\/author\/#Person","name":"","url":"https:\/\/www.mevio.cz\/author\/","identifier":1,"image":{"@type":"ImageObject","@id":"https:\/\/secure.gravatar.com\/avatar\/f7b3e8bb7f7cc0c6ca940e74a10b952be4c7d81de8a980387c865f88889f02e3?s=96&d=mm&r=g","url":"https:\/\/secure.gravatar.com\/avatar\/f7b3e8bb7f7cc0c6ca940e74a10b952be4c7d81de8a980387c865f88889f02e3?s=96&d=mm&r=g","height":96,"width":96}},"publisher":{"@type":"Organization","name":"mevio.cz","logo":{"@type":"ImageObject","@id":"\/logo.png","url":"\/logo.png","width":600,"height":60}},"image":{"@type":"ImageObject","@id":"https:\/\/www.mevio.cz\/wp-content\/uploads\/desk-1456142_960_720_2.jpg","url":"https:\/\/www.mevio.cz\/wp-content\/uploads\/desk-1456142_960_720_2.jpg","height":0,"width":0},"url":"https:\/\/www.mevio.cz\/mobil-se-taky-cisti\/","about":["Mobil"],"wordCount":400,"articleBody":"Mysl\u00edm si, \u017ee kdy\u017e se \u010dlov\u011bk star\u00e1 po\u0159\u00e1dn\u011b o sv\u016fj mobiln\u00ed telefon, tak se nemus\u00ed b\u00e1t, \u017ee by se mu mobiln\u00ed telefon n\u011bjak rozbil. Proto\u017ee zn\u00e1m n\u011bkolik p\u0159\u00edpadu, kdy se \u010dlov\u011bk o sv\u016fj mobiln\u00ed telefon moc nestar\u00e1 a potom to dopad\u00e1 tak, \u017ee si ten \u010dlov\u011bk st\u011b\u017euje, \u017ee m\u00e1 rozbit\u00fd mobil. Jenom\u017ee ale to nen\u00ed jenom tak. Neznamen\u00e1 to, \u017ee kdy\u017e si n\u011bkdo po\u0159\u00edd\u00ed opravdu drah\u00fd luxusn\u00ed mobiln\u00ed telefon, tak ten mobiln\u00ed telefon vydr\u017e\u00ed opravdu v\u0161echno. A n\u011bkdy jsem dokonce sly\u0161ela, \u017ee kdy\u017e si n\u011bkdo koup\u00ed drah\u00fd mobil, \u017ee mu vydr\u017e\u00ed i p\u00e1dy z okna. Nev\u00edm, jestli to ten doty\u010dn\u00fd \u010dlov\u011bk myslel v\u00e1\u017en\u011b, ale v\u011b\u0159te mi, \u017ee tohle v\u016fbec nen\u00ed pravda. Pokud v\u00e1m spadne mobil z okna, tak mi v\u011b\u0159te, \u017ee to absolutn\u011b nem\u016f\u017ee p\u0159e\u017e\u00edt. Mo\u017en\u00e1 v\u00e1\u0161 mobiln\u00ed telefon bude fungovat, ale bude opravdu hodn\u011b po\u0161kozen\u00fd, bude m\u00edt mnoho kosmetick\u00fdch vad, \u017ee se v\u00e1m ani nebude l\u00edbit.Tohle j\u00e1 osobn\u011b nem\u00e1m r\u00e1da. J\u00e1 se o sv\u016fj mobiln\u00ed telefon opravdu hodn\u011b pe\u010dliv\u011b star\u00e1m. Dokonce sv\u016fj mobiln\u00ed telefon taky dezinfikuj\u00ed, a to dvakr\u00e1t t\u00fddn\u011b. Sly\u0161ela jsem, \u017ee pr\u00e1v\u011b v mobiln\u00edm telefonu je opravdu hodn\u011b moc bakteri\u00ed a vir\u016f, kter\u00e9 m\u016f\u017ee potom \u010dlov\u011bk chytit. Tak\u017ee pokud t\u0159eba nechce chytit n\u011bjakou \u017eloutenku anebo n\u011bco podobn\u00e9ho, tak\u00a0nejenom\u017ee\u00a0si budete um\u00fdvat po\u0159\u00e1dn\u011b a kvalitn\u011b ruce, ale taky alespo\u0148 dvakr\u00e1t t\u00fddn\u011b m\u016f\u017eete po\u0159\u00e1dn\u011b vy\u010distit sv\u016fj mobiln\u00ed telefon.Sta\u010d\u00ed v\u00e1m k tomu vlh\u010den\u00fd antibakteri\u00e1ln\u00ed ubrousek, se kter\u00fdm po\u0159\u00e1dn\u011b vy\u010dist\u00edte v\u00e1\u0161 mobiln\u00ed telefon. Uvid\u00edte, \u017ee kdyby mobil mohl mluvit, tak by v\u00e1m samoz\u0159ejm\u011b jist\u011b pod\u011bkoval. Nebo si\u00a0mysl\u00edte, \u017ee mobil nepot\u0159ebuje\u00a0vy\u010distit?\u00a0Mysl\u00edm\u00a0si, \u017ee se\u00a0m\u00fdl\u00edte. Pamatuji si, kdy\u017e za mnou chodila\u00a0jedna\u00a0moje star\u00e1 sousedka, kdy\u017e jsme j\u00ed vyzved\u00e1vala\u00a0sms. Opravdu ten uma\u0161t\u011bn\u00fd a\u00a0\u0161pinav\u00e1\u00a0mobil jsme se n\u011bkdy b\u00e1la a \u0161t\u00edtila\u00a0vz\u00edt\u00a0do rukou. Tak co? Jak se\u00a0postav\u00edte\u00a0k\u00a0\u010dist\u00e9mu\u00a0mobilu? Mysl\u00edm, \u017ee rychle zm\u011bn\u00edte n\u00e1zor.\u00a0                                                                                                                                                                                                                                                                                                                                                                                        4\/5 - (6 votes)        "},{"@context":"https:\/\/schema.org\/","@type":"BreadcrumbList","itemListElement":[{"@type":"ListItem","position":1,"name":"Mobil se taky \u010dist\u00ed","item":"https:\/\/www.mevio.cz\/mobil-se-taky-cisti\/#breadcrumbitem"}]}]