[{"@context":"https:\/\/schema.org\/","@type":"Article","@id":"https:\/\/www.mevio.cz\/mela-vlasy-samou-loknu\/#Article","mainEntityOfPage":"https:\/\/www.mevio.cz\/mela-vlasy-samou-loknu\/","headline":"M\u011bla vlasy samou loknu","name":"M\u011bla vlasy samou loknu","description":"P\u0159\u00edrodn\u00ed barva vlas\u016f tr\u00e1p\u00ed velkou \u010d\u00e1st \u017een. Jejich vysn\u011bn\u00e1 barva je \u010dasto naprosto odli\u0161n\u00e1 jejich st\u00e1vaj\u00edc\u00ed a ani trochu se j\u00ed nep\u0159ibli\u017euje. Pokud se opravdu chcete st\u00e1t z brunetky platinovou blond\u00fdnkou, nechte to rad\u011bji odbornic\u00edm.<a class=\"read-more\" href=\"https:\/\/www.mevio.cz\/mela-vlasy-samou-loknu\/\">Continue reading<\/a>","datePublished":"2023-05-16","dateModified":"2023-05-16","author":{"@type":"Person","@id":"https:\/\/www.mevio.cz\/author\/#Person","name":"","url":"https:\/\/www.mevio.cz\/author\/","identifier":1,"image":{"@type":"ImageObject","@id":"https:\/\/secure.gravatar.com\/avatar\/f7b3e8bb7f7cc0c6ca940e74a10b952be4c7d81de8a980387c865f88889f02e3?s=96&d=mm&r=g","url":"https:\/\/secure.gravatar.com\/avatar\/f7b3e8bb7f7cc0c6ca940e74a10b952be4c7d81de8a980387c865f88889f02e3?s=96&d=mm&r=g","height":96,"width":96}},"publisher":{"@type":"Organization","name":"mevio.cz","logo":{"@type":"ImageObject","@id":"\/logo.png","url":"\/logo.png","width":600,"height":60}},"image":{"@type":"ImageObject","@id":"https:\/\/www.mevio.cz\/wp-content\/uploads\/img_a291533_w2188_t1504073756.jpg","url":"https:\/\/www.mevio.cz\/wp-content\/uploads\/img_a291533_w2188_t1504073756.jpg","height":0,"width":0},"url":"https:\/\/www.mevio.cz\/mela-vlasy-samou-loknu\/","wordCount":447,"articleBody":"P\u0159\u00edrodn\u00ed barva vlas\u016f tr\u00e1p\u00ed velkou \u010d\u00e1st \u017een. Jejich vysn\u011bn\u00e1 barva je \u010dasto naprosto odli\u0161n\u00e1 jejich st\u00e1vaj\u00edc\u00ed a ani trochu se j\u00ed nep\u0159ibli\u017euje. Pokud se opravdu chcete st\u00e1t z brunetky platinovou blond\u00fdnkou, nechte to rad\u011bji odbornic\u00edm. Jedn\u00e1 se o velk\u00fd z\u00e1sah do struktury vlasu a rozhodn\u011b nechcete, aby v\u00fdsledek byl nezda\u0159il\u00fd. Vlas\u016fm pak bude je\u0161t\u011b dlouhou dobu trvat, ne\u017e se z dom\u00e1c\u00edho odbarvov\u00e1n\u00ed vzpamatuj\u00ed.Pokud chcete ud\u011blat men\u0161\u00ed zm\u011bnu a jedn\u00e1 se nap\u0159\u00edklad o Va\u0161e prvn\u00ed barven\u00ed, ujasn\u011bte si nejd\u0159\u00edve p\u00e1r z\u00e1kladn\u00edch ot\u00e1zek.1.\u00a0\u00a0\u00a0\u00a0\u00a0\u00a0 Nebudu toho za p\u00e1r dn\u00ed litovat? Pokud barva nen\u00ed vym\u00fdvac\u00ed, je d\u016fle\u017eit\u00e9 si uv\u011bdomit, \u017ee vlas roste pouze jeden centimetr za m\u011bs\u00edc a pot\u00e9 m\u016f\u017eete \u010dekat roky, ne\u017e V\u00e1m barva zase odroste.2.\u00a0\u00a0\u00a0\u00a0\u00a0\u00a0 Bude mi to slu\u0161et? Zeptejte se i okol\u00ed, jestli by se jim na V\u00e1s tato barva l\u00edbila.3.\u00a0\u00a0\u00a0\u00a0\u00a0\u00a0 Jsem ochotna pak vlasy jednou za dva m\u011bs\u00edce dobarvovat? Vlasy neust\u00e1le rostou a odrosty vypadaj\u00ed \u0161patn\u011b.4.\u00a0\u00a0\u00a0\u00a0\u00a0\u00a0 Stoj\u00ed mi to za zni\u010den\u00e9 vlasy? Vlas po barven\u00ed rozhodn\u011b nebude na dotek jemn\u00fd, leskl\u00fd a pru\u017en\u00fd. Obzvl\u00e1\u0161\u0165, pokud pou\u017eijete levnou barvu z drog\u00e9rie.5.\u00a0\u00a0\u00a0\u00a0\u00a0\u00a0 Um\u00edm se sm\u00ed\u0159it s t\u00edm, \u017ee mi lid\u00e9 mohou \u0159\u00edct, \u017ee mi to d\u0159\u00edve slu\u0161elo v\u00edc?\u00a0Pokud jste si na v\u0161echny ot\u00e1zky odpov\u011bd\u011bla ano, m\u016f\u017eeme p\u0159ej\u00edt na samotn\u00fd proces. Doporu\u010dujeme si na barven\u00ed vyhradit alespo\u0148 3 hodiny.\u00a0\u25cf\u00a0\u00a0\u00a0\u00a0\u00a0\u00a0\u00a0 Oble\u010dte si n\u011bjak\u00e9 star\u00e9 tri\u010dko, u kter\u00e9ho nevad\u00ed, \u017ee se za\u0161pin\u00ed.\u25cf\u00a0\u00a0\u00a0\u00a0\u00a0\u00a0\u00a0 Kolem m\u00edst, kde nechcete, aby se V\u00e1m barva dostala, naneste silnou vrstvu oby\u010dejn\u00e9 vazel\u00edny. T\u00edm, jak budou m\u00edsta mastn\u00e1, na nich barva neulp\u00ed.\u25cf\u00a0\u00a0\u00a0\u00a0\u00a0\u00a0\u00a0 Pe\u010dliv\u011b si p\u0159e\u010dt\u011bte postup m\u00edch\u00e1n\u00ed aktiv\u00e1tor\u016f s barvami.\u25cf\u00a0\u00a0\u00a0\u00a0\u00a0\u00a0\u00a0 Barvu nan\u00e1\u0161ejte od ko\u0159\u00ednk\u016f ke kone\u010dk\u016fm vlas\u016f. Sna\u017ete se o rovnom\u011brn\u00e9 rozprost\u0159en\u00ed po v\u0161ech pramenech vlas\u016f.\u25cf\u00a0\u00a0\u00a0\u00a0\u00a0\u00a0\u00a0 Barvu nechte p\u016fsobit nejl\u00e9pe pod \u010depic\u00ed na koup\u00e1n\u00ed. Na vlasy m\u016f\u017eete pou\u017e\u00edt koupac\u00ed \u010depici, kter\u00e1 zabr\u00e1n\u00ed, aby se barva n\u011bkam p\u0159i \u010dek\u00e1n\u00ed na smyt\u00ed ot\u0159ela.\u25cf\u00a0\u00a0\u00a0\u00a0\u00a0\u00a0\u00a0 Po umyt\u00ed pou\u017eijte (pokud je zde mo\u017enost) p\u0159ibalen\u00fd balz\u00e1m na vlasy. Pro vl\u00e1kna ve vlasech je barven\u00ed velk\u00fd z\u00e1sah, tud\u00ed\u017e balz\u00e1m jim ur\u010dit\u011b neodp\u00edrejte.\u25cf\u00a0\u00a0\u00a0\u00a0\u00a0\u00a0\u00a0 Vlasy v kone\u010dn\u00e9 f\u00e1zi vyf\u00e9nujte. Je dobr\u00e9 nan\u00e9st ochrann\u00fd olej\u00ed\u010dek, kter\u00fd dod\u00e1 vlas\u016fm lesk a hydratuje je. \u00a0                                                                                                                                                                                                                                                                                                                                                                                        4\/5 - (7 votes)        "},{"@context":"https:\/\/schema.org\/","@type":"BreadcrumbList","itemListElement":[{"@type":"ListItem","position":1,"name":"M\u011bla vlasy samou loknu","item":"https:\/\/www.mevio.cz\/mela-vlasy-samou-loknu\/#breadcrumbitem"}]}]