[{"@context":"https:\/\/schema.org\/","@type":"Article","@id":"https:\/\/www.mevio.cz\/kuchyne-na-miru\/#Article","mainEntityOfPage":"https:\/\/www.mevio.cz\/kuchyne-na-miru\/","headline":"Kuchyn\u011b na m\u00edru","name":"Kuchyn\u011b na m\u00edru","description":"P\u0159\u00e1li byste si m\u00edt novou kuchy\u0148? Ta star\u00e1 v\u00e1m u\u017e nevyhovuje, nem\u00e1te tam dostatek prostoru, spot\u0159ebi\u010de nefunguj\u00ed tak, jak byste cht\u011bli, nem\u00e1te t\u0159eba ani my\u010dku a cht\u011bli byste v tomhle ud\u011blat opravdu velk\u00fd krok a<a class=\"read-more\" href=\"https:\/\/www.mevio.cz\/kuchyne-na-miru\/\">Continue reading<\/a>","datePublished":"2017-10-02","dateModified":"2023-05-16","author":{"@type":"Person","@id":"https:\/\/www.mevio.cz\/author\/#Person","name":"","url":"https:\/\/www.mevio.cz\/author\/","identifier":1,"image":{"@type":"ImageObject","@id":"https:\/\/secure.gravatar.com\/avatar\/f7b3e8bb7f7cc0c6ca940e74a10b952be4c7d81de8a980387c865f88889f02e3?s=96&d=mm&r=g","url":"https:\/\/secure.gravatar.com\/avatar\/f7b3e8bb7f7cc0c6ca940e74a10b952be4c7d81de8a980387c865f88889f02e3?s=96&d=mm&r=g","height":96,"width":96}},"publisher":{"@type":"Organization","name":"mevio.cz","logo":{"@type":"ImageObject","@id":"\/logo.png","url":"\/logo.png","width":600,"height":60}},"image":{"@type":"ImageObject","@id":"https:\/\/www.mevio.cz\/wp-content\/uploads\/img_a301991_w2277_t1512032697.jpg","url":"https:\/\/www.mevio.cz\/wp-content\/uploads\/img_a301991_w2277_t1512032697.jpg","height":0,"width":0},"url":"https:\/\/www.mevio.cz\/kuchyne-na-miru\/","about":["Produkty"],"wordCount":449,"articleBody":"         P\u0159\u00e1li byste si m\u00edt novou kuchy\u0148? Ta star\u00e1 v\u00e1m u\u017e nevyhovuje, nem\u00e1te tam dostatek prostoru, spot\u0159ebi\u010de nefunguj\u00ed tak, jak byste cht\u011bli, nem\u00e1te t\u0159eba ani my\u010dku a cht\u011bli byste v tomhle ud\u011blat opravdu velk\u00fd krok a rozhodnout se pro novou? Pokud je tohle p\u0159esn\u011b to, co byste si p\u0159\u00e1li, tak na\u0161e men\u0161\u00ed, rodinn\u00e1 firma v\u00e1m jist\u011b posta\u010d\u00ed a budete nadm\u00edru spokojen\u00ed. Kuchyn\u011b na m\u00edru Praha od n\u00e1s jsou opravdu nad\u010dasov\u00e9, modern\u00ed a jsou podle p\u0159\u00e1n\u00ed na\u0161ich klient\u016f.  Tak\u00e9 jim r\u00e1di porad\u00edme, co by bylo pro n\u011b v jejich situaci nejlep\u0161\u00edm \u0159e\u0161en\u00edm a co by bylo pro t\u0159eba v\u00fdhodn\u00e9 p\u0159idat do pl\u00e1nku a jak to cel\u00e9 vy\u0159e\u0161it, kdy\u017e m\u00e1te t\u0159eba atypick\u00e9 tvary st\u011bn nebo mal\u00e9 prostory nebo n\u011bco nen\u00ed tak, jak norm\u00e1ln\u011b b\u00fdv\u00e1. Se v\u0161\u00edm, si porad\u00edme a jsme schopni podat opravdu skv\u011bl\u00fd n\u00e1vrh. N\u00e1vrh je 3D a ud\u011bl\u00e1me v\u00e1m ho zdarma, tak\u017ee si budete moci p\u0159edstavit, jak to cel\u00e9 m\u016f\u017ee a nemus\u00ed vypadat. Pokud se v\u00e1m n\u00e1vrh l\u00edbit nebude, tak bychom v\u00e1m cht\u011bli \u0159\u00edct, \u017ee my to budeme p\u0159ed\u011bl\u00e1vat do t\u00e9 to doby, ne\u017e ne\u0159eknete, \u017ee takhle se v\u00e1m to l\u00edb\u00ed a po v\u0161ech str\u00e1nk\u00e1ch vyhovuje. Takov\u00fd my jsme. Maxim\u00e1ln\u00ed spokojenost P\u0159ipojte se t\u0159eba i vy k cel\u00e9 \u0159ad\u011b maxim\u00e1ln\u011b spokojen\u00fdm klient\u016fm, kte\u0159\u00ed d\u00edky n\u00e1m maj\u00ed kr\u00e1sn\u00e9 kr\u00e1lovstv\u00ed u sebe doma, kde p\u0159ipravuj\u00ed pokrmy a tr\u00e1v\u00ed zde spousty \u010dasu. U\u017e jen z toho d\u016fvodu by to m\u011bla b\u00fdt opravdu p\u011bkn\u00e1 m\u00edstnost. Tak nev\u00e1hejte a rozhodn\u011bte se opravdu rychle. Budete stoprocentn\u011b spokojen\u00ed, tak\u017ee byste se m\u011bli rozhodnout opravdu, ale opravdu rychle. Ur\u010dit\u011b se nebojte a ud\u011blejte ten prvn\u00ed krok a zavolejte n\u00e1m.  My p\u0159ijedeme na prvn\u00ed sch\u016fzku a na v\u0161em se domluv\u00edme. Vy n\u00e1m \u0159eknete, jak si to v\u0161echno asi p\u0159edstavujete a my to ud\u011bl\u00e1me podle toho, co n\u00e1m \u0159eknete. My budeme myslet i na praktickou str\u00e1nku v\u011bci, tak\u017ee v\u00e1s kdy\u017e tak upozorn\u00edme, \u017ee tohle asi nebude dobr\u00e9 \u0159e\u0161en\u00ed a navrhneme v\u00e1m n\u011bco lepk\u00e9ho, ale je to zcela na v\u00e1s. Pod\u00edvejte se do na\u0161\u00ed fotogalerie, kde naleznete uk\u00e1zky na\u0161ich prac\u00ed a m\u016f\u017eete se t\u0159eba i inspirovat.                                                                                                                                                                                                                                                                                                                                                                                           4.2\/5 - (5 votes)        "},{"@context":"https:\/\/schema.org\/","@type":"BreadcrumbList","itemListElement":[{"@type":"ListItem","position":1,"name":"Kuchyn\u011b na m\u00edru","item":"https:\/\/www.mevio.cz\/kuchyne-na-miru\/#breadcrumbitem"}]}]