[{"@context":"https:\/\/schema.org\/","@type":"Article","@id":"https:\/\/www.mevio.cz\/cesi-a-letni-sezona\/#Article","mainEntityOfPage":"https:\/\/www.mevio.cz\/cesi-a-letni-sezona\/","headline":"\u010ce\u0161i a letn\u00ed sezona","name":"\u010ce\u0161i a letn\u00ed sezona","description":"Pen\u00edze letos nebyly pro \u010cechy p\u0159i volb\u011b dovolen\u00e9 tak velk\u00fd probl\u00e9m. V\u00a0\u010dem tedy v\u011bz\u00ed skute\u010dn\u00fd d\u016fvod patn\u00e1cti procentn\u00edho poklesu z\u00e1jezd\u016f do zahrani\u010d\u00ed, p\u0159ev\u00e1\u017en\u011b do st\u0159edomo\u0159\u00ed? Jsou to celkem tyto d\u016fvody: 1.\u00a0\u00a0\u00a0\u00a0\u00a0\u00a0 Obava z\u00a0terorismu 2.\u00a0\u00a0\u00a0\u00a0\u00a0\u00a0 Migra\u010dn\u00ed<a class=\"read-more\" href=\"https:\/\/www.mevio.cz\/cesi-a-letni-sezona\/\">Continue reading<\/a>","datePublished":"2016-10-01","dateModified":"2023-05-16","author":{"@type":"Person","@id":"https:\/\/www.mevio.cz\/author\/#Person","name":"","url":"https:\/\/www.mevio.cz\/author\/","identifier":1,"image":{"@type":"ImageObject","@id":"https:\/\/secure.gravatar.com\/avatar\/f7b3e8bb7f7cc0c6ca940e74a10b952be4c7d81de8a980387c865f88889f02e3?s=96&d=mm&r=g","url":"https:\/\/secure.gravatar.com\/avatar\/f7b3e8bb7f7cc0c6ca940e74a10b952be4c7d81de8a980387c865f88889f02e3?s=96&d=mm&r=g","height":96,"width":96}},"publisher":{"@type":"Organization","name":"mevio.cz","logo":{"@type":"ImageObject","@id":"\/logo.png","url":"\/logo.png","width":600,"height":60}},"url":"https:\/\/www.mevio.cz\/cesi-a-letni-sezona\/","about":["Ekonomika"],"wordCount":394,"articleBody":"Pen\u00edze letos nebyly pro \u010cechy p\u0159i volb\u011b dovolen\u00e9 tak velk\u00fd probl\u00e9m. V\u00a0\u010dem tedy v\u011bz\u00ed skute\u010dn\u00fd d\u016fvod patn\u00e1cti procentn\u00edho poklesu z\u00e1jezd\u016f do zahrani\u010d\u00ed, p\u0159ev\u00e1\u017en\u011b do st\u0159edomo\u0159\u00ed?Jsou to celkem tyto d\u016fvody: 1.\u00a0\u00a0\u00a0\u00a0\u00a0\u00a0 Obava z\u00a0terorismu2.\u00a0\u00a0\u00a0\u00a0\u00a0\u00a0 Migra\u010dn\u00ed vlna z\u00a0v\u00fdchodu3.\u00a0\u00a0\u00a0\u00a0\u00a0\u00a0 \u010ce\u0161i z\u016fst\u00e1vaj\u00ed rad\u011bji v\u00a0\u010desk\u00fdch destinac\u00edch4.\u00a0\u00a0\u00a0\u00a0\u00a0\u00a0 Vir ZikaPr\u016fm\u011brn\u00e1 dovolen\u00e1 Podle propo\u010dt\u016f letos vyjelo na dovolenou do zahrani\u010d\u00ed p\u0159es \u010dty\u0159i miliony \u010cech\u016f, co\u017e je podstatn\u011b m\u00e9n\u011b ne\u017e lo\u0148skou letn\u00ed sezonu.\u00a0 Na dovolen\u00e9 v\u00a0zahrani\u010d\u00ed str\u00e1vili \u010ce\u0161i v\u00a0pr\u016fm\u011bru sedm a p\u016fl dne a na osobu je pobyt vy\u0161el na necel\u00fdch dvan\u00e1ct a p\u016fl tis\u00edce korun.Za v\u0161echno mohou m\u00e9diaLetos m\u011bl medi\u00e1ln\u00ed dopad na \u010cechy p\u0159i volb\u011b dovolen\u00e9 fat\u00e1ln\u00ed vliv. Z\u00a0toho d\u016fvodu se m\u00edsto ceny a d\u00e9lky pobytu soust\u0159edili sp\u00ed\u0161 na v\u00fdb\u011br bezpe\u010dn\u00fdch destinac\u00ed mimo teroristick\u00e9 \u00fatoky, mimo ob\u010dansk\u00e9 v\u00e1lky nebo mimo proud migra\u010dn\u00ed vlny, kter\u00e1 se sem val\u00ed z\u00a0muslimsk\u00fdch zem\u00ed, zasa\u017een\u00fdch v\u00e1lkou.Situace se m\u011bn\u00ed Mezi cestovn\u00edmi kancel\u00e1\u0159emi plat\u00ed, \u017ee obl\u00edbenost destinac\u00ed se m\u011bn\u00ed a mapa obl\u00edbenosti stejn\u011b jako statistika se m\u011bn\u00ed spolu s\u00a0n\u00ed. Cestovky na tyto situace a\u017e do leto\u0161n\u00ed sezony reagovaly tzv. first minute, co\u017e jsou dovolen\u00e9, kter\u00e9 se daj\u00ed vybrat dlouhodob\u011b dop\u0159edu, na\u010de\u017e je m\u016f\u017eete bu\u010fto \u010d\u00e1ste\u010dn\u011b zm\u011bnit, nebo k\u00a0nim m\u00edt jist\u00e9 bonusy a benefity.Letos se v\u0161ak vyskytla spousta klient\u016f, kte\u0159\u00ed o sv\u00e9m z\u00e1jezdu rozhodli a\u017e deset dn\u00ed p\u0159ed odletem \u2013 cestovn\u00ed kancel\u00e1\u0159e se tak vyrovn\u00e1valy s\u00a0faktem, \u017ee v\u00a0n\u011bkter\u00fdch zem\u00edch doch\u00e1zelo k\u00a0nepokoj\u016fm a ob\u010dansk\u00fdm v\u00e1lk\u00e1m, tak\u017ee daly sv\u00fdm klient\u016fm mo\u017enost v\u00a0takov\u00e9mto p\u0159\u00edpad\u011b volbu destinace zm\u011bnit nebo posunout term\u00edn odletu.Letos se nejv\u00edc \u010cech\u016f sh\u00e1n\u011blo po \u0160pan\u011blsk\u00fdch, Italsk\u00fdch a Bulharsk\u00fdch destinac\u00edch, zat\u00edmco Turecko, Tunis, Egypt a \u0158ecko prudce klesly. Stejn\u011b prudce v\u0161ak kleslo i N\u011bmecko \u2013 s\u00a0nejv\u011bt\u0161\u00ed pravd\u011bpodobnost\u00ed z\u00a0d\u016fvod\u016f imigrantsk\u00e9 situace.                                                                                                                                                                                                                                                                                                                                                                                        4.4\/5 - (14 votes)        "},{"@context":"https:\/\/schema.org\/","@type":"BreadcrumbList","itemListElement":[{"@type":"ListItem","position":1,"name":"\u010ce\u0161i a letn\u00ed sezona","item":"https:\/\/www.mevio.cz\/cesi-a-letni-sezona\/#breadcrumbitem"}]}]