[{"@context":"https:\/\/schema.org\/","@type":"Article","@id":"https:\/\/www.mevio.cz\/advent-v-ceskych-budejovicich\/#Article","mainEntityOfPage":"https:\/\/www.mevio.cz\/advent-v-ceskych-budejovicich\/","headline":"Advent v \u010cesk\u00fdch Bud\u011bjovic\u00edch","name":"Advent v \u010cesk\u00fdch Bud\u011bjovic\u00edch","description":"\u010cesk\u00e9 Bud\u011bjovice jsou pro m\u011b osobn\u011b srde\u010dn\u00ed z\u00e1le\u017eitost. M\u011bl jsem dokonce tu \u010dest jist\u00fd \u010das bydlet v Such\u00e9m Vrbn\u00e9m a na tu dobu velmi r\u00e1d vzpom\u00edn\u00e1m, proto\u017ee jsem se tu st\u00fdkal s lidmi, kter\u00e9 jsem<a class=\"read-more\" href=\"https:\/\/www.mevio.cz\/advent-v-ceskych-budejovicich\/\">Continue reading<\/a>","datePublished":"2025-10-09","dateModified":"2025-10-09","author":{"@type":"Person","@id":"https:\/\/www.mevio.cz\/author\/#Person","name":"","url":"https:\/\/www.mevio.cz\/author\/","identifier":1,"image":{"@type":"ImageObject","@id":"https:\/\/secure.gravatar.com\/avatar\/f7b3e8bb7f7cc0c6ca940e74a10b952be4c7d81de8a980387c865f88889f02e3?s=96&d=mm&r=g","url":"https:\/\/secure.gravatar.com\/avatar\/f7b3e8bb7f7cc0c6ca940e74a10b952be4c7d81de8a980387c865f88889f02e3?s=96&d=mm&r=g","height":96,"width":96}},"publisher":{"@type":"Organization","name":"mevio.cz","logo":{"@type":"ImageObject","@id":"\/logo.png","url":"\/logo.png","width":600,"height":60}},"image":{"@type":"ImageObject","@id":"https:\/\/www.mevio.cz\/wp-content\/uploads\/christmas-market-7664171_640_1.jpg","url":"https:\/\/www.mevio.cz\/wp-content\/uploads\/christmas-market-7664171_640_1.jpg","height":0,"width":0},"url":"https:\/\/www.mevio.cz\/advent-v-ceskych-budejovicich\/","about":["Byznys"],"wordCount":426,"articleBody":"       \u010cesk\u00e9 Bud\u011bjovice jsou pro m\u011b osobn\u011b srde\u010dn\u00ed z\u00e1le\u017eitost. M\u011bl jsem dokonce tu \u010dest jist\u00fd \u010das bydlet v Such\u00e9m Vrbn\u00e9m a na tu dobu velmi r\u00e1d vzpom\u00edn\u00e1m, proto\u017ee jsem se tu st\u00fdkal s lidmi, kter\u00e9 jsem miloval. A v podstat\u011b miluji dodnes. V \u010cesk\u00fdch Bud\u011bjovic\u00edch jsem tak\u00e9 tr\u00e1vil obdob\u00ed kolem v\u00e1no\u010dn\u00edch sv\u00e1tk\u016f a ani tehdy mi nep\u0159ipadalo m\u011bsto p\u0159\u00edli\u0161 f\u00e1dn\u00ed a nudn\u00e9. Je tu spousta podn\u011bt\u016f k tr\u00e1ven\u00ed voln\u00e9ho \u010dasu. Jestli\u017ee si zajist\u00edte levn\u00e9 ubytov\u00e1n\u00ed v \u010cesk\u00fdch Bud\u011bjovic\u00edch, co v\u00e1s tu m\u016f\u017ee mile p\u0159ekvapit?Cesta pod\u00e9l Vltavy. P\u0159ibli\u017en\u011b od stadionu SK Meteor vede pod\u00e9l \u0159eky asfaltov\u00e1 cesta, kter\u00e1 m\u00edj\u00ed \u010deskobud\u011bjovick\u00e9 centrum a pokra\u010duje a\u017e do Hlubok\u00e9 nad Vltavou. Je mo\u017en\u00e9 se tudy proj\u00ed\u017ed\u011bt na kole. Nebo t\u0159eba na in-line brusl\u00edch. ZOO Hlubok\u00e1 nad Vltavou. Zoologick\u00e1 zahrada v Hlubok\u00e9 nad Vltavou (ZOO Ohrada) je otev\u0159ena po cel\u00fd rok. Tedy i v zimn\u00edch m\u011bs\u00edc\u00edch. N\u00e1v\u0161t\u011bvu v\u0159ele doporu\u010duji t\u0159eba i s d\u011btmi. Kle\u0165. Celoro\u010dn\u011b otev\u0159en\u00e1 je i kamenn\u00e1 rozhledna na Kleti. K vyhl\u00eddkov\u00e9mu ochozu lze vystoupat i koncem roku, ov\u0161em je vhodn\u00e9 si nejprve zjistit, jak\u00e1 je otev\u00edrac\u00ed doba. Na vrcholu Kleti je v provozu i horsk\u00e1 chata s restaurac\u00ed Tereziina chata a na Kle\u0165 se d\u00e1 dostat tak\u00e9 seda\u010dkovou lanovkou, jej\u00ed\u017e doln\u00ed stanice se nach\u00e1z\u00ed u parkovi\u0161t\u011b nad obc\u00ed Kraset\u00edn. Rozhledna na Kleti je z\u00e1rove\u0148 nejstar\u0161\u00ed kamennou rozhlednou na na\u0161em \u00fazem\u00ed, stav\u011bla se v letech 1822 a\u017e 1825 a jmenuje se Josefova v\u011b\u017e. M\u011bstsk\u00e1 pam\u00e1tkov\u00e1 rezervace. M\u011bstskou pam\u00e1tkovou rezervac\u00ed bylo historick\u00e9 j\u00e1dro m\u011bsta prohl\u00e1\u0161eno ji\u017e v roce 1980. M\u016f\u017eete tu spat\u0159it nap\u0159\u00edklad \u010cernou v\u011b\u017e, n\u00e1m\u011bst\u00ed P\u0159emysla Otakara II. a n\u00e1dhern\u00e9 fas\u00e1dy m\u011b\u0161\u0165ansk\u00fdch dom\u016f. Na n\u00e1m\u011bst\u00ed P\u0159emysla Otakara II. se po\u0159\u00e1daj\u00ed od druh\u00e9 poloviny listopadu adventn\u00ed trhy a m\u016f\u017eete tam zakoupit i vhodn\u00fd d\u00e1rek pod v\u00e1no\u010dn\u00ed stromek.Vltava. V \u010cesk\u00fdch Bud\u011bjovic\u00edch naleznete soutok Vltavy s Mal\u0161\u00ed a chcete-li se po Vltav\u011b projet lod\u00ed, m\u016f\u017eete to prov\u00e9st prakticky kdykoli, t\u0159eba a\u017e z Vy\u0161\u0161\u00edho Brodu. Na to je ale samoz\u0159ejm\u011b lep\u0161\u00ed p\u0159\u00edjemn\u011b tepl\u00e9 letn\u00ed po\u010das\u00ed.                                                                                                                                                                                                                                                                                                                                                                                          4.7\/5 - (4 votes)        "},{"@context":"https:\/\/schema.org\/","@type":"BreadcrumbList","itemListElement":[{"@type":"ListItem","position":1,"name":"Advent v \u010cesk\u00fdch Bud\u011bjovic\u00edch","item":"https:\/\/www.mevio.cz\/advent-v-ceskych-budejovicich\/#breadcrumbitem"}]}]